{"id":2503,"date":"2026-04-30T15:15:09","date_gmt":"2026-04-30T12:15:09","guid":{"rendered":"https:\/\/filosofit.fi\/FiPra\/?p=2503"},"modified":"2026-04-30T15:15:10","modified_gmt":"2026-04-30T12:15:10","slug":"toukokuun-lukupiiri-henkinen-uhmavoima","status":"publish","type":"post","link":"https:\/\/filosofit.fi\/FiPra\/?p=2503","title":{"rendered":"Toukokuun lukupiiri: Henkinen uhmavoima"},"content":{"rendered":"\n<p>Toukokuun lukupiiriss\u00e4 keskustellaan holistisesta ihmisk\u00e4sityksest\u00e4 ja sen merkityksest\u00e4 ihmisyyden edist\u00e4misess\u00e4 sek\u00e4 siihen sis\u00e4ltyv\u00e4st\u00e4 henkisest\u00e4 olemuspuolesta vastuullisten valintojemme ja el\u00e4m\u00e4mme tarkoituksen l\u00f6yt\u00e4misen mahdollistajana.<\/p>\n\n\n\n<p>FT, logoterapeutti ja Viktor Franklin logoterapian kouluttaja Timo Purjo alustaa keskustelua perustuen kirjaansa Henkinen uhmavoima \u2013 Miten l\u00f6yd\u00e4n ja s\u00e4ilyt\u00e4n oman el\u00e4m\u00e4ni tarkoituksen (Basam Books 2020\/2026).<br><br>Etuk\u00e4teen voit tutustua\u00a0<a href=\"https:\/\/filosofit.fi\/FiPra\/wp-content\/uploads\/Henkinen_uhmavoima.pdf\">t\u00e4h\u00e4n kirjan osioon<\/a>. <\/p>\n\n\n\n<p>Tapaamme Zoomissa klo 18.00-19.30. Lukupiiri on avoin kaikille kiinnostuneille. L\u00e4mpim\u00e4sti tervetuloa!<\/p>\n\n\n\n<p><a href=\"https:\/\/us02web.zoom.us\/j\/84982718535?pwd=d09UeXdQWEFkOTFrTUpvR0Y2bUZLUT09\">Linkki Zoomiin<\/a><br>Tarvittaessa:<br>Meeting ID: 849 8271 8535<br>Passcode: 600997<\/p>\n","protected":false},"excerpt":{"rendered":"<p>Toukokuun lukupiiriss\u00e4 keskustellaan holistisesta ihmisk\u00e4sityksest\u00e4 ja sen merkityksest\u00e4 ihmisyyden edist\u00e4misess\u00e4 sek\u00e4 siihen sis\u00e4ltyv\u00e4st\u00e4 henkisest\u00e4 olemuspuolesta vastuullisten valintojemme ja el\u00e4m\u00e4mme tarkoituksen l\u00f6yt\u00e4misen mahdollistajana. FT, logoterapeutti ja Viktor Franklin logoterapian kouluttaja Timo Purjo alustaa keskustelua perustuen kirjaansa Henkinen uhmavoima \u2013 Miten l\u00f6yd\u00e4n ja s\u00e4ilyt\u00e4n oman el\u00e4m\u00e4ni tarkoituksen (Basam Books 2020\/2026). Etuk\u00e4teen voit tutustua\u00a0t\u00e4h\u00e4n kirjan osioon. Tapaamme Zoomissa&hellip; <\/p>\n<p class=\"toivo-read-more\"><a href=\"https:\/\/filosofit.fi\/FiPra\/?p=2503\" class=\"more-link\">Lue lis\u00e4\u00e4 <span class=\"screen-reader-text\">Toukokuun lukupiiri: Henkinen uhmavoima<\/span><\/a><\/p>\n","protected":false},"author":17,"featured_media":2504,"comment_status":"open","ping_status":"closed","sticky":false,"template":"","format":"standard","meta":{"footnotes":""},"categories":[1],"tags":[],"class_list":{"0":"post-2503","1":"post","2":"type-post","3":"status-publish","4":"format-standard","5":"has-post-thumbnail","7":"category-yleinen","8":"entry"},"_links":{"self":[{"href":"https:\/\/filosofit.fi\/FiPra\/index.php?rest_route=\/wp\/v2\/posts\/2503","targetHints":{"allow":["GET"]}}],"collection":[{"href":"https:\/\/filosofit.fi\/FiPra\/index.php?rest_route=\/wp\/v2\/posts"}],"about":[{"href":"https:\/\/filosofit.fi\/FiPra\/index.php?rest_route=\/wp\/v2\/types\/post"}],"author":[{"embeddable":true,"href":"https:\/\/filosofit.fi\/FiPra\/index.php?rest_route=\/wp\/v2\/users\/17"}],"replies":[{"embeddable":true,"href":"https:\/\/filosofit.fi\/FiPra\/index.php?rest_route=%2Fwp%2Fv2%2Fcomments&post=2503"}],"version-history":[{"count":1,"href":"https:\/\/filosofit.fi\/FiPra\/index.php?rest_route=\/wp\/v2\/posts\/2503\/revisions"}],"predecessor-version":[{"id":2505,"href":"https:\/\/filosofit.fi\/FiPra\/index.php?rest_route=\/wp\/v2\/posts\/2503\/revisions\/2505"}],"wp:featuredmedia":[{"embeddable":true,"href":"https:\/\/filosofit.fi\/FiPra\/index.php?rest_route=\/wp\/v2\/media\/2504"}],"wp:attachment":[{"href":"https:\/\/filosofit.fi\/FiPra\/index.php?rest_route=%2Fwp%2Fv2%2Fmedia&parent=2503"}],"wp:term":[{"taxonomy":"category","embeddable":true,"href":"https:\/\/filosofit.fi\/FiPra\/index.php?rest_route=%2Fwp%2Fv2%2Fcategories&post=2503"},{"taxonomy":"post_tag","embeddable":true,"href":"https:\/\/filosofit.fi\/FiPra\/index.php?rest_route=%2Fwp%2Fv2%2Ftags&post=2503"}],"curies":[{"name":"wp","href":"https:\/\/api.w.org\/{rel}","templated":true}]}}