{"id":2441,"date":"2026-02-01T18:31:08","date_gmt":"2026-02-01T16:31:08","guid":{"rendered":"https:\/\/filosofit.fi\/FiPra\/?p=2441"},"modified":"2026-02-01T18:35:36","modified_gmt":"2026-02-01T16:35:36","slug":"helmikuun-lukupiiri-viktor-e-franklin-ihimiskasitys","status":"publish","type":"post","link":"https:\/\/filosofit.fi\/FiPra\/?p=2441","title":{"rendered":"Helmikuun lukupiiri: Viktor E. Franklin ihmisk\u00e4sitys"},"content":{"rendered":"\n<p>Tervetuloa keskustelemaan\u00a0<strong>Viktor E.\u00a0Franklin<\/strong>\u00a0esitt\u00e4m\u00e4st\u00e4\u00a0ihmisk\u00e4sityksest\u00e4 maanantaina 9.2. klo 18-19:30. <\/p>\n\n\n\n<p>Keskustelun alustaa KTT, Logoterapeutti\u00a0LIF\u00ae\u00a0<a href=\"https:\/\/www.utu.fi\/fi\/ihmiset\/mia-salo\" target=\"_blank\" rel=\"noreferrer noopener\">Mia Salo<\/a>, joka v\u00e4it\u00f6sty\u00f6ss\u00e4\u00e4n koostaa Franklin ajattelun metateoreettisen viitehyksen, logoteorian. V\u00e4it\u00f6skirjaan\u00a0<em>The Existential Nature of Meaningfulness. Advancing Theorising on Meaningfulness and Research on Meaningful Work through Viktor Frankl&#8217;s Logotheory\u00a0<\/em>voi tutustua\u00a0<a href=\"https:\/\/www.utupub.fi\/handle\/10024\/194962\" target=\"_blank\" rel=\"noreferrer noopener\">t\u00e4\u00e4ll\u00e4<\/a>. <\/p>\n\n\n\n<p>Lukupiiriss\u00e4 keskityt\u00e4\u00e4n Franklin kolmiulotteiseen ihmis- ja todellisuusk\u00e4sityksiin, jotka ovat kaiken logoteoriaan perustuvan toiminnan, ja my\u00f6s kohtaamisten taustalla.\u00a0Etuk\u00e4teen voi lukea v\u00e4it\u00f6skirjasta sivut 92-97 sek\u00e4 107-113.<\/p>\n\n\n\n<p>Mia ty\u00f6skentelee Turun yliopiston kauppakorkeakoulussa STN:n rahoittamassa\u00a0<a href=\"http:\/\/www.biodiful.fi\/\" target=\"_blank\" rel=\"noreferrer noopener\">BIODIFUL<\/a>-tutkimushankkeessa ja on valmistunut logoterapeutiksi\u00a0<a href=\"https:\/\/logoterapia.fi\/\" target=\"_blank\" rel=\"noreferrer noopener\">Suomen Logoterapiainstituutista<\/a>\u00a02013.<\/p>\n\n\n\n<p>Tule mukaan ja osallistu haluamallasi tavalla!<br><br><em><em>Osallistujat tulevat ensin ns. odotushuoneeseen, ja p\u00e4\u00e4st\u00e4mme kaikki sis\u00e4\u00e4n noin klo 17.55<\/em><\/em>. <em>K\u00e4yt\u00e4 omaa nime\u00e4si osallistuessasi<\/em> <em>eli ennen liittymist\u00e4 Zoomiin, kirjoita (etu)nimesi osallistujatietoihin. <\/em><\/p>\n\n\n\n<ul class=\"wp-block-list\">\n<li><em>Jos joku osallistuja laittaa keskusteluun (chat) linkin, jonka kohdeosoite vaikuttaa ep\u00e4ilytt\u00e4v\u00e4lt\u00e4, \u00e4l\u00e4 klikkaa.<\/em><\/li>\n\n\n\n<li><em>Voit k\u00e4ytt\u00e4\u00e4 halutessasi Zoomia my\u00f6s selaimesta lataamatta ohjelmaa koneellesi.<\/em><\/li>\n<\/ul>\n\n\n\n<p><a href=\"https:\/\/us02web.zoom.us\/j\/84982718535?pwd=d09UeXdQWEFkOTFrTUpvR0Y2bUZLUT09\">Linkki Zoomiin<\/a><br>Tarvittaessa:<br>Meeting ID: 849 8271 8535<br>Passcode: 600997<\/p>\n","protected":false},"excerpt":{"rendered":"<p>Tervetuloa keskustelemaan\u00a0Viktor E.\u00a0Franklin\u00a0esitt\u00e4m\u00e4st\u00e4\u00a0ihmisk\u00e4sityksest\u00e4 maanantaina 9.2. klo 18-19:30. Keskustelun alustaa KTT, Logoterapeutti\u00a0LIF\u00ae\u00a0Mia Salo, joka v\u00e4it\u00f6sty\u00f6ss\u00e4\u00e4n koostaa Franklin ajattelun metateoreettisen viitehyksen, logoteorian. V\u00e4it\u00f6skirjaan\u00a0The Existential Nature of Meaningfulness. Advancing Theorising on Meaningfulness and Research on Meaningful Work through Viktor Frankl&#8217;s Logotheory\u00a0voi tutustua\u00a0t\u00e4\u00e4ll\u00e4. Lukupiiriss\u00e4 keskityt\u00e4\u00e4n Franklin kolmiulotteiseen ihmis- ja todellisuusk\u00e4sityksiin, jotka ovat kaiken logoteoriaan perustuvan toiminnan, ja my\u00f6s kohtaamisten&hellip; <\/p>\n<p class=\"toivo-read-more\"><a href=\"https:\/\/filosofit.fi\/FiPra\/?p=2441\" class=\"more-link\">Lue lis\u00e4\u00e4 <span class=\"screen-reader-text\">Helmikuun lukupiiri: Viktor E. Franklin ihmisk\u00e4sitys<\/span><\/a><\/p>\n","protected":false},"author":17,"featured_media":2444,"comment_status":"open","ping_status":"closed","sticky":false,"template":"","format":"standard","meta":{"footnotes":""},"categories":[1],"tags":[],"class_list":{"0":"post-2441","1":"post","2":"type-post","3":"status-publish","4":"format-standard","5":"has-post-thumbnail","7":"category-yleinen","8":"entry"},"_links":{"self":[{"href":"https:\/\/filosofit.fi\/FiPra\/index.php?rest_route=\/wp\/v2\/posts\/2441","targetHints":{"allow":["GET"]}}],"collection":[{"href":"https:\/\/filosofit.fi\/FiPra\/index.php?rest_route=\/wp\/v2\/posts"}],"about":[{"href":"https:\/\/filosofit.fi\/FiPra\/index.php?rest_route=\/wp\/v2\/types\/post"}],"author":[{"embeddable":true,"href":"https:\/\/filosofit.fi\/FiPra\/index.php?rest_route=\/wp\/v2\/users\/17"}],"replies":[{"embeddable":true,"href":"https:\/\/filosofit.fi\/FiPra\/index.php?rest_route=%2Fwp%2Fv2%2Fcomments&post=2441"}],"version-history":[{"count":4,"href":"https:\/\/filosofit.fi\/FiPra\/index.php?rest_route=\/wp\/v2\/posts\/2441\/revisions"}],"predecessor-version":[{"id":2450,"href":"https:\/\/filosofit.fi\/FiPra\/index.php?rest_route=\/wp\/v2\/posts\/2441\/revisions\/2450"}],"wp:featuredmedia":[{"embeddable":true,"href":"https:\/\/filosofit.fi\/FiPra\/index.php?rest_route=\/wp\/v2\/media\/2444"}],"wp:attachment":[{"href":"https:\/\/filosofit.fi\/FiPra\/index.php?rest_route=%2Fwp%2Fv2%2Fmedia&parent=2441"}],"wp:term":[{"taxonomy":"category","embeddable":true,"href":"https:\/\/filosofit.fi\/FiPra\/index.php?rest_route=%2Fwp%2Fv2%2Fcategories&post=2441"},{"taxonomy":"post_tag","embeddable":true,"href":"https:\/\/filosofit.fi\/FiPra\/index.php?rest_route=%2Fwp%2Fv2%2Ftags&post=2441"}],"curies":[{"name":"wp","href":"https:\/\/api.w.org\/{rel}","templated":true}]}}