{"id":2292,"date":"2025-11-27T10:33:07","date_gmt":"2025-11-27T08:33:07","guid":{"rendered":"https:\/\/filosofit.fi\/FiPra\/?p=2292"},"modified":"2026-04-26T10:22:18","modified_gmt":"2026-04-26T07:22:18","slug":"ajankohtaista","status":"publish","type":"post","link":"https:\/\/filosofit.fi\/FiPra\/?p=2292","title":{"rendered":"Ajankohtaista"},"content":{"rendered":"\n<p><br><strong>Filosofisen praktiikan verkosto ry t\u00e4ytt\u00e4\u00e4 t\u00e4n\u00e4 vuonna 10 vuotta! <\/strong><\/p>\n\n\n\n<hr class=\"wp-block-separator has-alpha-channel-opacity\"\/>\n\n\n\n<p><strong>12. pohjoismainen filosofisen praktiikan konferenssi pidet\u00e4\u00e4n Islannissa, Reykjavikissa 23.-24.5.2026. <\/strong>Rekister\u00f6inti tapahtumaan ja lis\u00e4tietoja <a href=\"https:\/\/heimspekitorg.is\/12th-nordic-conference-on-philosophical-practice-peace-and-possibilities\/\">&gt;&gt;<\/a> ILMOITTAUTUMISAIKAA ON JATKETTU!<\/p>\n\n\n\n<hr class=\"wp-block-separator has-alpha-channel-opacity\"\/>\n\n\n\n<p><strong>19. kansainv\u00e4linen filosofisen praktiikan konferenssi j\u00e4rjestet\u00e4\u00e4n Helsingiss\u00e4 10.-12.6.2027.<\/strong> Next International Conference on Philosophical Practice will be held in Helsinki in June, 10-12, 2027! <a href=\"https:\/\/icpp2027.odoo.com\/\">The conference website &gt;&gt;<\/a><\/p>\n\n\n\n<hr class=\"wp-block-separator has-alpha-channel-opacity\"\/>\n\n\n\n<p><strong>Filosofisen praktiikan verkosto ry:n s\u00e4\u00e4nt\u00f6m\u00e4\u00e4r\u00e4inen<\/strong><\/p>\n\n\n\n<p><strong>VUOSIKOKOUS 28.4.2026 klo 17.30 &#8211; 19.30&nbsp;<\/strong><\/p>\n\n\n\n<p>Kokous j\u00e4rjestet\u00e4\u00e4n Helsingin keskustakirjasto Oodissa (T\u00f6\u00f6l\u00f6nlahdenkatu 4), ryhm\u00e4tila 7. Mahdollisuus osallistua my\u00f6s Zoomissa, ilmoittaudu <a href=\"mailto:five.hallitus@gmail.com\">five.hallitus@gmail.com<\/a> 27.4. menness\u00e4.<br><strong><br>Tilaisuus alkaa klo 17.30 sosiaalipedagogiikan dosentti, kasvatusfilosofian tutkijatohtori Jani Pulkin puheenvuorolla ekososiaalisesta omastatunnosta: Miten ekososiaalinen omatunto Gandhin tapaan voisi vaikuttaa sosiaalisena muutosvoimana? <br><br><\/strong>Kokouksessa k\u00e4sitell\u00e4\u00e4n klo 18.15 alkaen s\u00e4\u00e4nt\u00f6m\u00e4\u00e4r\u00e4iset asiat oheisen esityslistan mukaisesti.<br><br>ESITYSLISTA<\/p>\n\n\n\n<ol class=\"wp-block-list\">\n<li>Kokouksen avaus.<\/li>\n\n\n\n<li>Valitaan kokouksen puheenjohtaja, sihteeri, kaksi p\u00f6yt\u00e4kirjantarkastajaa ja kaksi \u00e4\u00e4ntenlaskijaa.<\/li>\n\n\n\n<li>Todetaan kokouksen laillisuus ja p\u00e4\u00e4t\u00f6svaltaisuus.<\/li>\n\n\n\n<li>Hyv\u00e4ksyt\u00e4\u00e4n kokouksen ty\u00f6j\u00e4rjestys.<\/li>\n\n\n\n<li>Esitet\u00e4\u00e4n tilinp\u00e4\u00e4t\u00f6s, vuosikertomus ja toiminnantarkastajien lausunto.<\/li>\n\n\n\n<li>P\u00e4\u00e4tet\u00e4\u00e4n tilinp\u00e4\u00e4t\u00f6ksen vahvistamisesta ja vastuuvapauden my\u00f6nt\u00e4misest\u00e4 hallitukselle ja muille vastuuvelvollisille.<\/li>\n\n\n\n<li>Vahvistetaan toimintasuunnitelma, tulo- ja menoarvio sek\u00e4 j\u00e4senmaksun suuruus.<\/li>\n\n\n\n<li>Valitaan hallituksen puheenjohtaja ja muut j\u00e4senet.<\/li>\n\n\n\n<li>Valitaan yksi tai kaksi toiminnantarkastajaa ja varatoiminnantarkastajaa.&nbsp;<\/li>\n\n\n\n<li>K\u00e4sitell\u00e4\u00e4n muut kokouskutsussa mainitut asiat.<\/li>\n\n\n\n<li>Kokouksen p\u00e4\u00e4tt\u00e4minen<\/li>\n<\/ol>\n\n\n\n<p>Tervetuloa!<br><br>Helsingiss\u00e4 13.4.2026<br>Yhdistyksen hallitus<\/p>\n\n\n\n<p><\/p>\n","protected":false},"excerpt":{"rendered":"<p>Filosofisen praktiikan verkosto ry t\u00e4ytt\u00e4\u00e4 t\u00e4n\u00e4 vuonna 10 vuotta! 12. pohjoismainen filosofisen praktiikan konferenssi pidet\u00e4\u00e4n Islannissa, Reykjavikissa 23.-24.5.2026. Rekister\u00f6inti tapahtumaan ja lis\u00e4tietoja &gt;&gt; ILMOITTAUTUMISAIKAA ON JATKETTU! 19. kansainv\u00e4linen filosofisen praktiikan konferenssi j\u00e4rjestet\u00e4\u00e4n Helsingiss\u00e4 10.-12.6.2027. Next International Conference on Philosophical Practice will be held in Helsinki in June, 10-12, 2027! The conference website &gt;&gt; Filosofisen praktiikan&hellip; <\/p>\n<p class=\"toivo-read-more\"><a href=\"https:\/\/filosofit.fi\/FiPra\/?p=2292\" class=\"more-link\">Lue lis\u00e4\u00e4 <span class=\"screen-reader-text\">Ajankohtaista<\/span><\/a><\/p>\n","protected":false},"author":17,"featured_media":0,"comment_status":"open","ping_status":"closed","sticky":true,"template":"","format":"standard","meta":{"footnotes":""},"categories":[1],"tags":[],"class_list":{"0":"post-2292","1":"post","2":"type-post","3":"status-publish","4":"format-standard","6":"category-yleinen","7":"entry"},"_links":{"self":[{"href":"https:\/\/filosofit.fi\/FiPra\/index.php?rest_route=\/wp\/v2\/posts\/2292","targetHints":{"allow":["GET"]}}],"collection":[{"href":"https:\/\/filosofit.fi\/FiPra\/index.php?rest_route=\/wp\/v2\/posts"}],"about":[{"href":"https:\/\/filosofit.fi\/FiPra\/index.php?rest_route=\/wp\/v2\/types\/post"}],"author":[{"embeddable":true,"href":"https:\/\/filosofit.fi\/FiPra\/index.php?rest_route=\/wp\/v2\/users\/17"}],"replies":[{"embeddable":true,"href":"https:\/\/filosofit.fi\/FiPra\/index.php?rest_route=%2Fwp%2Fv2%2Fcomments&post=2292"}],"version-history":[{"count":22,"href":"https:\/\/filosofit.fi\/FiPra\/index.php?rest_route=\/wp\/v2\/posts\/2292\/revisions"}],"predecessor-version":[{"id":2498,"href":"https:\/\/filosofit.fi\/FiPra\/index.php?rest_route=\/wp\/v2\/posts\/2292\/revisions\/2498"}],"wp:attachment":[{"href":"https:\/\/filosofit.fi\/FiPra\/index.php?rest_route=%2Fwp%2Fv2%2Fmedia&parent=2292"}],"wp:term":[{"taxonomy":"category","embeddable":true,"href":"https:\/\/filosofit.fi\/FiPra\/index.php?rest_route=%2Fwp%2Fv2%2Fcategories&post=2292"},{"taxonomy":"post_tag","embeddable":true,"href":"https:\/\/filosofit.fi\/FiPra\/index.php?rest_route=%2Fwp%2Fv2%2Ftags&post=2292"}],"curies":[{"name":"wp","href":"https:\/\/api.w.org\/{rel}","templated":true}]}}