{"id":2231,"date":"2025-11-05T17:23:26","date_gmt":"2025-11-05T15:23:26","guid":{"rendered":"https:\/\/filosofit.fi\/FiPra\/?p=2231"},"modified":"2025-11-05T17:23:27","modified_gmt":"2025-11-05T15:23:27","slug":"marraskuun-lukupiiri-mika-on-persoonan-olemus","status":"publish","type":"post","link":"https:\/\/filosofit.fi\/FiPra\/?p=2231","title":{"rendered":"Marraskuun lukupiiri: Mik\u00e4 on persoonan olemus?"},"content":{"rendered":"\n<p><a><\/a>Mist\u00e4 puhumme, kun k\u00e4yt\u00e4mme ilmaisua &#8221;persoona&#8221;? Jos\/kun vain persoonat voivat k\u00e4yd\u00e4 dialogia, niin mik\u00e4 tekee ihmisest\u00e4 persoonan? Miten haluamme m\u00e4\u00e4ritt\u00e4\u00e4 itse\u00e4mme &#8221;persoonana&#8221;?<\/p>\n\n\n\n<p>Suomen kieless\u00e4 joskus kuulee ilmaisun: h\u00e4n oli todella suuri persoona. Persoonan k\u00e4site on keskeinen kohtaamisessa ja dialogissa. Persoona saa kiinni itsest\u00e4\u00e4n, ehk\u00e4 onnistuu n\u00e4ytt\u00e4m\u00e4\u00e4n aidommin kuka on ja mit\u00e4 ajattelee.<\/p>\n\n\n\n<p>Tule mukaan pohtimaan persoonan olemusta marraskuun lukupiiriss\u00e4! Tapaamme maanantaina 10.11. klo 18-19.30 Zoomissa, keskustelua alustaa Peter Lundqvist.<\/p>\n\n\n\n<p>Voit tutustua etuk\u00e4teen <a href=\"https:\/\/filosofit.fi\/FiPra\/wp-content\/uploads\/The-Person_Vlachos.pdf\">t\u00e4h\u00e4n tekstiin<\/a>. Teksti on kirjasta Metropolitan of Nafpaktos Hierotheos: The Person in the Orthodox Tradition<br><br><a href=\"https:\/\/us02web.zoom.us\/j\/84982718535?pwd=d09UeXdQWEFkOTFrTUpvR0Y2bUZLUT09\">Zoom-linkki &gt;&gt;<\/a> (meeting ID 849 8271 8535, password 600997)<br>Tulet ensin Zoomin odotustilaan, ja siit\u00e4 hetken p\u00e4\u00e4st\u00e4 itse lukupiiriin.<\/p>\n\n\n\n<p>Tapahtuma <a href=\"https:\/\/fb.me\/e\/6fwjhgkx4\">Facebookissa<\/a>.<\/p>\n","protected":false},"excerpt":{"rendered":"<p>Mist\u00e4 puhumme, kun k\u00e4yt\u00e4mme ilmaisua &#8221;persoona&#8221;? Jos\/kun vain persoonat voivat k\u00e4yd\u00e4 dialogia, niin mik\u00e4 tekee ihmisest\u00e4 persoonan? Miten haluamme m\u00e4\u00e4ritt\u00e4\u00e4 itse\u00e4mme &#8221;persoonana&#8221;? Suomen kieless\u00e4 joskus kuulee ilmaisun: h\u00e4n oli todella suuri persoona. Persoonan k\u00e4site on keskeinen kohtaamisessa ja dialogissa. Persoona saa kiinni itsest\u00e4\u00e4n, ehk\u00e4 onnistuu n\u00e4ytt\u00e4m\u00e4\u00e4n aidommin kuka on ja mit\u00e4 ajattelee. Tule mukaan pohtimaan&hellip; <\/p>\n<p class=\"toivo-read-more\"><a href=\"https:\/\/filosofit.fi\/FiPra\/?p=2231\" class=\"more-link\">Lue lis\u00e4\u00e4 <span class=\"screen-reader-text\">Marraskuun lukupiiri: Mik\u00e4 on persoonan olemus?<\/span><\/a><\/p>\n","protected":false},"author":17,"featured_media":2232,"comment_status":"open","ping_status":"closed","sticky":false,"template":"","format":"standard","meta":{"footnotes":""},"categories":[1],"tags":[],"class_list":{"0":"post-2231","1":"post","2":"type-post","3":"status-publish","4":"format-standard","5":"has-post-thumbnail","7":"category-yleinen","8":"entry"},"_links":{"self":[{"href":"https:\/\/filosofit.fi\/FiPra\/index.php?rest_route=\/wp\/v2\/posts\/2231","targetHints":{"allow":["GET"]}}],"collection":[{"href":"https:\/\/filosofit.fi\/FiPra\/index.php?rest_route=\/wp\/v2\/posts"}],"about":[{"href":"https:\/\/filosofit.fi\/FiPra\/index.php?rest_route=\/wp\/v2\/types\/post"}],"author":[{"embeddable":true,"href":"https:\/\/filosofit.fi\/FiPra\/index.php?rest_route=\/wp\/v2\/users\/17"}],"replies":[{"embeddable":true,"href":"https:\/\/filosofit.fi\/FiPra\/index.php?rest_route=%2Fwp%2Fv2%2Fcomments&post=2231"}],"version-history":[{"count":1,"href":"https:\/\/filosofit.fi\/FiPra\/index.php?rest_route=\/wp\/v2\/posts\/2231\/revisions"}],"predecessor-version":[{"id":2233,"href":"https:\/\/filosofit.fi\/FiPra\/index.php?rest_route=\/wp\/v2\/posts\/2231\/revisions\/2233"}],"wp:featuredmedia":[{"embeddable":true,"href":"https:\/\/filosofit.fi\/FiPra\/index.php?rest_route=\/wp\/v2\/media\/2232"}],"wp:attachment":[{"href":"https:\/\/filosofit.fi\/FiPra\/index.php?rest_route=%2Fwp%2Fv2%2Fmedia&parent=2231"}],"wp:term":[{"taxonomy":"category","embeddable":true,"href":"https:\/\/filosofit.fi\/FiPra\/index.php?rest_route=%2Fwp%2Fv2%2Fcategories&post=2231"},{"taxonomy":"post_tag","embeddable":true,"href":"https:\/\/filosofit.fi\/FiPra\/index.php?rest_route=%2Fwp%2Fv2%2Ftags&post=2231"}],"curies":[{"name":"wp","href":"https:\/\/api.w.org\/{rel}","templated":true}]}}